{"id":5631,"date":"2026-03-21T23:17:22","date_gmt":"2026-03-21T22:17:22","guid":{"rendered":"https:\/\/bloggertje.eu\/modets-roll-i-sjalvuttryck\/"},"modified":"2024-02-24T05:58:55","modified_gmt":"2024-02-24T04:58:55","slug":"modets-roll-i-sjalvuttryck","status":"publish","type":"post","link":"https:\/\/bloggertje.eu\/sv\/modets-roll-i-sjalvuttryck\/","title":{"rendered":"Modets roll i sj\u00e4lvuttryck"},"content":{"rendered":"\n<h1 class=\"wp-block-heading\">Modets roll i sj\u00e4lvuttryck<\/h1>\n\n<p>Mode \u00e4r mycket mer \u00e4n att bara b\u00e4ra kl\u00e4der; Det \u00e4r en kraftfull form av sj\u00e4lvuttryck. Vad vi har p\u00e5 oss, hur vi s\u00e4tter ihop v\u00e5ra kl\u00e4der och vilka stilar vi anammar kommunicerar alla n\u00e5got om vilka vi \u00e4r och hur vi vill presentera oss f\u00f6r v\u00e4rlden. Mode \u00e4r ett medium genom vilket individer kan uttrycka sin personlighet, kultur, kreativitet och identitet. I den h\u00e4r artikeln kommer vi att titta n\u00e4rmare p\u00e5 modets roll i sj\u00e4lvuttryck och hur det p\u00e5verkar v\u00e5ra liv och samh\u00e4llet som helhet.<\/p>\n\n<h2 class=\"wp-block-heading\">Kl\u00e4dernas spr\u00e5k<\/h2>\n\n<p>Mode fungerar som ett spr\u00e5k utan ord. V\u00e5ra kl\u00e4dval ger andra subtila ledtr\u00e5dar om v\u00e5r smak, v\u00e5ra v\u00e4rderingar och intressen. En person som gillar att synas i vintagekl\u00e4der kan identifieras som att han eller hon har en smak f\u00f6r nostalgi och en uppskattning f\u00f6r hantverksm\u00e4ssigt hantverk. \u00c5 andra sidan kan en person som alltid \u00e4r kl\u00e4dd i ljusa f\u00e4rger och sl\u00e5ende m\u00f6nster ses som ut\u00e5triktad och full av livsgl\u00e4dje.<\/p>\n\n<p>V\u00e5ra kl\u00e4der speglar ocks\u00e5 v\u00e5r kulturella bakgrund och identitet. Olika etniska grupper och subkulturer har sina egna distinkta stilar och kl\u00e4dkoder. Till exempel representerar traditionella kl\u00e4der som kimonos i Japan eller saris i Indien inte bara mode utan ocks\u00e5 den rika historien och traditionerna i dessa kulturer.<\/p>\n\n<h2 class=\"wp-block-heading\">Sj\u00e4lvf\u00f6rtroende och identitet<\/h2>\n\n<p>Mode har kraften att \u00f6ka v\u00e5rt sj\u00e4lvf\u00f6rtroende och hj\u00e4lpa oss att hitta v\u00e5r identitet. Att b\u00e4ra kl\u00e4der som f\u00e5r oss att k\u00e4nna oss bekv\u00e4ma och sj\u00e4lvs\u00e4kra kan f\u00f6r\u00e4ndra v\u00e5ra attityder och beteenden. Till exempel kan en v\u00e4lsittande kostym eller elegant kl\u00e4nning ge en k\u00e4nsla av styrka och sj\u00e4lvf\u00f6rtroende, vilket kan vara viktigt i professionella situationer.<\/p>\n\n<p>Dessutom kan mode fungera som ett s\u00e4tt att experimentera och v\u00e4xa. M\u00e4nniskor kan prova nya stilar och utvecklas n\u00e4r de blir \u00e4ldre. Det kan ocks\u00e5 vara ett s\u00e4tt att \u00e5teruppfinna sig sj\u00e4lv eller undkomma begr\u00e4nsande f\u00f6rv\u00e4ntningar. M\u00f6jligheten att v\u00e4lja vad vi ska ha p\u00e5 oss ger en k\u00e4nsla av autonomi och frihet.<\/p>\n\n<h2 class=\"wp-block-heading\">Social identitet och gemenskap<\/h2>\n\n<p>Mode g\u00e5r l\u00e4ngre \u00e4n individuellt sj\u00e4lvuttryck; Det kan ocks\u00e5 st\u00e4rka den sociala identiteten och k\u00e4nslan av gemenskap. Subkulturer som punk, goth, hiphop och skateboarding har utvecklat sina egna unika stilar f\u00f6r att fr\u00e4mja en k\u00e4nsla av tillh\u00f6righet och uppror. Dessa subkulturer anv\u00e4nder mode som ett s\u00e4tt att identifiera sig med likasinnade och sticka ut fr\u00e5n samh\u00e4llet i stort.<\/p>\n\n<p>Dessutom spelar modeevenemang som modeveckor och festivaler en viktig roll f\u00f6r att koppla samman m\u00e4nniskor med en gemensam passion f\u00f6r mode. Dessa evenemang fungerar som m\u00f6tesplatser d\u00e4r m\u00e4nniskor fr\u00e5n olika bakgrunder och stilar samlas f\u00f6r att fira sin k\u00e4rlek till mode.<\/p>\n\n<h2 class=\"wp-block-heading\">H\u00e5llbarhet och etik<\/h2>\n\n<p>En v\u00e4xande trend inom mode \u00e4r betoningen p\u00e5 h\u00e5llbarhet och etisk kl\u00e4dproduktion. F\u00f6r m\u00e5nga m\u00e4nniskor \u00e4r mode inte bara en form av sj\u00e4lvuttryck, utan ocks\u00e5 ett s\u00e4tt att uttrycka sina v\u00e4rderingar och \u00f6vertygelser. De v\u00e4ljer m\u00e4rken och plagg som \u00e4r milj\u00f6v\u00e4nliga, st\u00f6der r\u00e4ttvisa arbetsvillkor och anv\u00e4nder etiska produktionsmetoder.<\/p>\n\n<p>Att medvetet v\u00e4lja h\u00e5llbart mode \u00e4r ett s\u00e4tt att g\u00f6ra ett statement och bidra till positiv f\u00f6r\u00e4ndring i branschen. Det visar att mode inte bara \u00e4r ytligt, utan ocks\u00e5 ett kraftfullt verktyg f\u00f6r att fr\u00e4mja etiska normer och v\u00e4rderingar.<\/p>\n\n<h2 class=\"wp-block-heading\">Slutsats<\/h2>\n\n<p>Mode \u00e4r mycket mer \u00e4n bara kl\u00e4der; Det \u00e4r en form av konst, uttryck och identitet. Det g\u00f6r det m\u00f6jligt f\u00f6r m\u00e4nniskor att uttrycka sig p\u00e5 unika s\u00e4tt, att bilda sociala gemenskaper och att f\u00f6rkroppsliga kulturella och etiska v\u00e4rderingar. Mode till\u00e5ter oss att uttrycka oss utan ord och visa v\u00e4rlden vilka vi \u00e4r och vad vi st\u00e5r f\u00f6r. Det \u00e4r ett kraftfullt verktyg som l\u00e5ter oss l\u00e5ta v\u00e5r personlighet och kreativitet lysa, och det \u00e4r fortfarande en viktig del av v\u00e5rt dagliga liv och v\u00e5r kultur.<\/p>\n","protected":false},"excerpt":{"rendered":"<p>Modets roll i sj\u00e4lvuttryck Mode \u00e4r mycket mer \u00e4n att bara b\u00e4ra kl\u00e4der; Det \u00e4r en kraftfull form av sj\u00e4lvuttryck. Vad vi har p\u00e5 oss, hur vi s\u00e4tter ihop v\u00e5ra kl\u00e4der och vilka stilar vi anammar kommunicerar alla n\u00e5got om vilka vi \u00e4r och hur vi vill presentera oss f\u00f6r v\u00e4rlden. Mode \u00e4r ett medium [&hellip;]<\/p>\n","protected":false},"author":1,"featured_media":5633,"comment_status":"open","ping_status":"open","sticky":false,"template":"","format":"standard","meta":{"footnotes":""},"categories":[151],"tags":[],"class_list":{"0":"post-5631","1":"post","2":"type-post","3":"status-publish","4":"format-standard","5":"has-post-thumbnail","7":"category-mode-sv-2"},"_links":{"self":[{"href":"https:\/\/bloggertje.eu\/sv\/wp-json\/wp\/v2\/posts\/5631","targetHints":{"allow":["GET"]}}],"collection":[{"href":"https:\/\/bloggertje.eu\/sv\/wp-json\/wp\/v2\/posts"}],"about":[{"href":"https:\/\/bloggertje.eu\/sv\/wp-json\/wp\/v2\/types\/post"}],"author":[{"embeddable":true,"href":"https:\/\/bloggertje.eu\/sv\/wp-json\/wp\/v2\/users\/1"}],"replies":[{"embeddable":true,"href":"https:\/\/bloggertje.eu\/sv\/wp-json\/wp\/v2\/comments?post=5631"}],"version-history":[{"count":1,"href":"https:\/\/bloggertje.eu\/sv\/wp-json\/wp\/v2\/posts\/5631\/revisions"}],"predecessor-version":[{"id":6784,"href":"https:\/\/bloggertje.eu\/sv\/wp-json\/wp\/v2\/posts\/5631\/revisions\/6784"}],"wp:featuredmedia":[{"embeddable":true,"href":"https:\/\/bloggertje.eu\/sv\/wp-json\/wp\/v2\/media\/5633"}],"wp:attachment":[{"href":"https:\/\/bloggertje.eu\/sv\/wp-json\/wp\/v2\/media?parent=5631"}],"wp:term":[{"taxonomy":"category","embeddable":true,"href":"https:\/\/bloggertje.eu\/sv\/wp-json\/wp\/v2\/categories?post=5631"},{"taxonomy":"post_tag","embeddable":true,"href":"https:\/\/bloggertje.eu\/sv\/wp-json\/wp\/v2\/tags?post=5631"}],"curies":[{"name":"wp","href":"https:\/\/api.w.org\/{rel}","templated":true}]}}